{"id":1022,"date":"2025-07-15T15:05:12","date_gmt":"2025-07-15T15:05:12","guid":{"rendered":"https:\/\/centroprofissional.com.br\/site-seguro\/?p=1022"},"modified":"2025-07-18T15:43:53","modified_gmt":"2025-07-18T15:43:53","slug":"dra-ana-paula-regoto","status":"publish","type":"post","link":"https:\/\/centroprofissional.com.br\/site-seguro\/dra-ana-paula-regoto\/","title":{"rendered":"Dra. Ana Paula Regoto"},"content":{"rendered":"<div>\n<div>M\u00e9dica formada desde 2007 pela UNIG, P\u00f3s Graduada em Gastroenterologia pela IBMR;\u00a0 Medicina do Trabalho pela Universidade Est\u00e1cio e MBA Executivo em Gest\u00e3o de Sa\u00fade pela FGV , vem atuando no mercado privado desde sua forma\u00e7\u00e3o, e aprimorando expertise e acolhimento de seus pacientes.<\/div>\n<div><\/div>\n<div>As \u00e1reas de atua\u00e7\u00e3o se caracterizam principalmente na preven\u00e7\u00e3o e promo\u00e7\u00e3o de sa\u00fade, seja no \u00e2mbito\u00a0do indiv\u00edduo quanto no trabalho.<\/div>\n<div><\/div>\n<div>\n<div>Atendimentos particulares.<\/div>\n<\/div>\n<\/div>\n<div><\/div>\n<div>\n<p><strong>Nossos canais de atendimento:<\/strong><\/p>\n<p><strong>Loja:<\/strong> Sala 510 do CPB<br \/>\n<strong>Telefone fixo:<\/strong> <span style=\"color: #008000;\"><a style=\"color: #008000;\" href=\"http:\/\/552133255146\" target=\"_blank\" rel=\"noopener\">(21) 3325-5146<\/a><\/span><\/p>\n<\/div>\n","protected":false},"excerpt":{"rendered":"<p>M\u00e9dica formada desde 2007 pela UNIG, P\u00f3s Graduada em Gastroenterologia pela IBMR;\u00a0 Medicina do Trabalho pela Universidade Est\u00e1cio e MBA Executivo em Gest\u00e3o de Sa\u00fade pela FGV , vem atuando no mercado privado desde sua forma\u00e7\u00e3o, e aprimorando expertise e acolhimento de seus pacientes. As \u00e1reas de atua\u00e7\u00e3o se caracterizam principalmente na preven\u00e7\u00e3o e promo\u00e7\u00e3o [&hellip;]<\/p>\n","protected":false},"author":2,"featured_media":1023,"comment_status":"open","ping_status":"open","sticky":false,"template":"","format":"standard","meta":{"_acf_changed":false,"footnotes":""},"categories":[26,6],"tags":[],"class_list":["post-1022","post","type-post","status-publish","format-standard","has-post-thumbnail","hentry","category-medicos","category-profissionais"],"acf":[],"_links":{"self":[{"href":"https:\/\/centroprofissional.com.br\/site-seguro\/wp-json\/wp\/v2\/posts\/1022","targetHints":{"allow":["GET"]}}],"collection":[{"href":"https:\/\/centroprofissional.com.br\/site-seguro\/wp-json\/wp\/v2\/posts"}],"about":[{"href":"https:\/\/centroprofissional.com.br\/site-seguro\/wp-json\/wp\/v2\/types\/post"}],"author":[{"embeddable":true,"href":"https:\/\/centroprofissional.com.br\/site-seguro\/wp-json\/wp\/v2\/users\/2"}],"replies":[{"embeddable":true,"href":"https:\/\/centroprofissional.com.br\/site-seguro\/wp-json\/wp\/v2\/comments?post=1022"}],"version-history":[{"count":2,"href":"https:\/\/centroprofissional.com.br\/site-seguro\/wp-json\/wp\/v2\/posts\/1022\/revisions"}],"predecessor-version":[{"id":1035,"href":"https:\/\/centroprofissional.com.br\/site-seguro\/wp-json\/wp\/v2\/posts\/1022\/revisions\/1035"}],"wp:featuredmedia":[{"embeddable":true,"href":"https:\/\/centroprofissional.com.br\/site-seguro\/wp-json\/wp\/v2\/media\/1023"}],"wp:attachment":[{"href":"https:\/\/centroprofissional.com.br\/site-seguro\/wp-json\/wp\/v2\/media?parent=1022"}],"wp:term":[{"taxonomy":"category","embeddable":true,"href":"https:\/\/centroprofissional.com.br\/site-seguro\/wp-json\/wp\/v2\/categories?post=1022"},{"taxonomy":"post_tag","embeddable":true,"href":"https:\/\/centroprofissional.com.br\/site-seguro\/wp-json\/wp\/v2\/tags?post=1022"}],"curies":[{"name":"wp","href":"https:\/\/api.w.org\/{rel}","templated":true}]}}