{"id":1060,"date":"2025-07-18T17:28:59","date_gmt":"2025-07-18T17:28:59","guid":{"rendered":"https:\/\/centroprofissional.com.br\/site-seguro\/?p=1060"},"modified":"2025-07-18T17:28:59","modified_gmt":"2025-07-18T17:28:59","slug":"dra-flavia-gusmao","status":"publish","type":"post","link":"https:\/\/centroprofissional.com.br\/site-seguro\/dra-flavia-gusmao\/","title":{"rendered":"Dra. Fl\u00e1via Gusm\u00e3o"},"content":{"rendered":"<p>A pele \u00e9 o maior \u00f3rg\u00e3o do corpo humano, e por isso, merece ser tratada com muita aten\u00e7\u00e3o e carinho.<\/p>\n<p>Temos na cl\u00ednica:<\/p>\n<ul>\n<li>Tratamento de doen\u00e7as da pele, cabelo e unhas<\/li>\n<li>procedimentos est\u00e9ticos faciais e corporais, como: preenchimento, bioestimula\u00e7\u00e3o, toxina botul\u00ednica, peeling, laser, microagulhamento, blefaroplasma (Plasmage)<\/li>\n<li>Esteticista, Fisioterapeuta dermato funcional e Nutricionista para complementar seus tratamentos.<\/li>\n<\/ul>\n<p><strong>Nossos canais de atendimento:<\/strong><\/p>\n<p><strong>Loja:<\/strong> Sala 525 do CPB<br \/>\n<strong>Telefone fixo:<\/strong> <span style=\"color: #008000;\"><a style=\"color: #008000;\" href=\"http:\/\/552133282893 | 552124316075\" target=\"_blank\" rel=\"noopener\">(21) 3328-2893 | (21) 2431-6075<\/a><\/span><\/p>\n<p>&nbsp;<\/p>\n","protected":false},"excerpt":{"rendered":"<p>A pele \u00e9 o maior \u00f3rg\u00e3o do corpo humano, e por isso, merece ser tratada com muita aten\u00e7\u00e3o e carinho. Temos na cl\u00ednica: Tratamento de doen\u00e7as da pele, cabelo e unhas procedimentos est\u00e9ticos faciais e corporais, como: preenchimento, bioestimula\u00e7\u00e3o, toxina botul\u00ednica, peeling, laser, microagulhamento, blefaroplasma (Plasmage) Esteticista, Fisioterapeuta dermato funcional e Nutricionista para complementar seus [&hellip;]<\/p>\n","protected":false},"author":2,"featured_media":1061,"comment_status":"open","ping_status":"open","sticky":false,"template":"","format":"standard","meta":{"_acf_changed":false,"footnotes":""},"categories":[22,6],"tags":[],"class_list":["post-1060","post","type-post","status-publish","format-standard","has-post-thumbnail","hentry","category-dermatologia","category-profissionais"],"acf":[],"_links":{"self":[{"href":"https:\/\/centroprofissional.com.br\/site-seguro\/wp-json\/wp\/v2\/posts\/1060","targetHints":{"allow":["GET"]}}],"collection":[{"href":"https:\/\/centroprofissional.com.br\/site-seguro\/wp-json\/wp\/v2\/posts"}],"about":[{"href":"https:\/\/centroprofissional.com.br\/site-seguro\/wp-json\/wp\/v2\/types\/post"}],"author":[{"embeddable":true,"href":"https:\/\/centroprofissional.com.br\/site-seguro\/wp-json\/wp\/v2\/users\/2"}],"replies":[{"embeddable":true,"href":"https:\/\/centroprofissional.com.br\/site-seguro\/wp-json\/wp\/v2\/comments?post=1060"}],"version-history":[{"count":1,"href":"https:\/\/centroprofissional.com.br\/site-seguro\/wp-json\/wp\/v2\/posts\/1060\/revisions"}],"predecessor-version":[{"id":1062,"href":"https:\/\/centroprofissional.com.br\/site-seguro\/wp-json\/wp\/v2\/posts\/1060\/revisions\/1062"}],"wp:featuredmedia":[{"embeddable":true,"href":"https:\/\/centroprofissional.com.br\/site-seguro\/wp-json\/wp\/v2\/media\/1061"}],"wp:attachment":[{"href":"https:\/\/centroprofissional.com.br\/site-seguro\/wp-json\/wp\/v2\/media?parent=1060"}],"wp:term":[{"taxonomy":"category","embeddable":true,"href":"https:\/\/centroprofissional.com.br\/site-seguro\/wp-json\/wp\/v2\/categories?post=1060"},{"taxonomy":"post_tag","embeddable":true,"href":"https:\/\/centroprofissional.com.br\/site-seguro\/wp-json\/wp\/v2\/tags?post=1060"}],"curies":[{"name":"wp","href":"https:\/\/api.w.org\/{rel}","templated":true}]}}