{"id":1063,"date":"2025-07-18T17:31:13","date_gmt":"2025-07-18T17:31:13","guid":{"rendered":"https:\/\/centroprofissional.com.br\/site-seguro\/?p=1063"},"modified":"2025-07-18T17:31:13","modified_gmt":"2025-07-18T17:31:13","slug":"dr-ricardo-gusmao","status":"publish","type":"post","link":"https:\/\/centroprofissional.com.br\/site-seguro\/dr-ricardo-gusmao\/","title":{"rendered":"Dr. Ricardo Gusm\u00e3o"},"content":{"rendered":"<p>Cardiologista Cl\u00ednico e Intensivista |RQE: 17.428 e 17.429<\/p>\n<p class=\"p1\">&#8211; Formado pela antiga Universidade Gama Filho em 07\/1988;<\/p>\n<p class=\"p2\">&#8211; Especialista em Cardiologia com p\u00f3s-gradua\u00e7\u00e3o de 1990 a 1991, Resid\u00eancia M\u00e9dica no Instituto Nacional de Cardiologia (INC) de 1990 a 1992 e por prova pela Sociedade Brasileira de Cardiologia (SBC) em 1992;<\/p>\n<p class=\"p2\">&#8211; M\u00e9dico atuando em Consult\u00f3rio desde 1992, estando no mesmo endere\u00e7o na Barra da Tijuca desde 2001;<\/p>\n<p class=\"p2\">&#8211; M\u00e9dico atuando em Hospitais p\u00fablico (INC) e privados (H. Barra D\u2019Or e H. Quinta D\u2019Or, entre outros), como m\u00e9dico, rotina e coordenador de servi\u00e7o desde 1991;<\/p>\n<p class=\"p2\">&#8211; Autor de diversos artigos m\u00e9dicos, incluindo diretriz em Cardiologia chancelada pela SBC e professor convidado para ministrar aulas em congressos regionais, estaduais, nacionais e internacionais desde 1997.<\/p>\n<p class=\"p3\">Toda esta experi\u00eancia acumulada desde 1988 me fez um profissional capacitado a atend\u00ea-lo plenamente, seja no consult\u00f3rio ou durante uma eventual interna\u00e7\u00e3o.<\/p>\n<p><strong>Nossos canais de atendimento:<\/strong><\/p>\n<p><strong>Loja:<\/strong> Sala 525 do CPB<br \/>\n<strong>Telefone fixo:<\/strong><span style=\"color: #008000;\"> <a style=\"color: #008000;\" href=\"http:\/\/552133282893 | 552124316075\" target=\"_blank\" rel=\"noopener\">(21) 3328-2893 | (21) 2431-6075<\/a><\/span><\/p>\n","protected":false},"excerpt":{"rendered":"<p>Cardiologista Cl\u00ednico e Intensivista |RQE: 17.428 e 17.429 &#8211; Formado pela antiga Universidade Gama Filho em 07\/1988; &#8211; Especialista em Cardiologia com p\u00f3s-gradua\u00e7\u00e3o de 1990 a 1991, Resid\u00eancia M\u00e9dica no Instituto Nacional de Cardiologia (INC) de 1990 a 1992 e por prova pela Sociedade Brasileira de Cardiologia (SBC) em 1992; &#8211; M\u00e9dico atuando em Consult\u00f3rio [&hellip;]<\/p>\n","protected":false},"author":2,"featured_media":1064,"comment_status":"open","ping_status":"open","sticky":false,"template":"","format":"standard","meta":{"_acf_changed":false,"footnotes":""},"categories":[26,6],"tags":[],"class_list":["post-1063","post","type-post","status-publish","format-standard","has-post-thumbnail","hentry","category-medicos","category-profissionais"],"acf":[],"_links":{"self":[{"href":"https:\/\/centroprofissional.com.br\/site-seguro\/wp-json\/wp\/v2\/posts\/1063","targetHints":{"allow":["GET"]}}],"collection":[{"href":"https:\/\/centroprofissional.com.br\/site-seguro\/wp-json\/wp\/v2\/posts"}],"about":[{"href":"https:\/\/centroprofissional.com.br\/site-seguro\/wp-json\/wp\/v2\/types\/post"}],"author":[{"embeddable":true,"href":"https:\/\/centroprofissional.com.br\/site-seguro\/wp-json\/wp\/v2\/users\/2"}],"replies":[{"embeddable":true,"href":"https:\/\/centroprofissional.com.br\/site-seguro\/wp-json\/wp\/v2\/comments?post=1063"}],"version-history":[{"count":1,"href":"https:\/\/centroprofissional.com.br\/site-seguro\/wp-json\/wp\/v2\/posts\/1063\/revisions"}],"predecessor-version":[{"id":1065,"href":"https:\/\/centroprofissional.com.br\/site-seguro\/wp-json\/wp\/v2\/posts\/1063\/revisions\/1065"}],"wp:featuredmedia":[{"embeddable":true,"href":"https:\/\/centroprofissional.com.br\/site-seguro\/wp-json\/wp\/v2\/media\/1064"}],"wp:attachment":[{"href":"https:\/\/centroprofissional.com.br\/site-seguro\/wp-json\/wp\/v2\/media?parent=1063"}],"wp:term":[{"taxonomy":"category","embeddable":true,"href":"https:\/\/centroprofissional.com.br\/site-seguro\/wp-json\/wp\/v2\/categories?post=1063"},{"taxonomy":"post_tag","embeddable":true,"href":"https:\/\/centroprofissional.com.br\/site-seguro\/wp-json\/wp\/v2\/tags?post=1063"}],"curies":[{"name":"wp","href":"https:\/\/api.w.org\/{rel}","templated":true}]}}