{"id":1078,"date":"2025-07-18T18:12:11","date_gmt":"2025-07-18T18:12:11","guid":{"rendered":"https:\/\/centroprofissional.com.br\/site-seguro\/?p=1078"},"modified":"2025-07-18T18:12:11","modified_gmt":"2025-07-18T18:12:11","slug":"afinitta","status":"publish","type":"post","link":"https:\/\/centroprofissional.com.br\/site-seguro\/afinitta\/","title":{"rendered":"Afinitt\u00e1"},"content":{"rendered":"<p>Cirurgi\u00e3 Dentista formada pela UFRJ, P\u00f3s &#8211; graduada em implantodontia e especialista em pr\u00f3tese dent\u00e1ria. Atua nas \u00e1reas de ortodontia e reabilita\u00e7\u00e3o oral.<\/p>\n<p><strong>Nossos canais de atendimento:<\/strong><\/p>\n<p><strong>Loja:<\/strong> Sala 408 do CPB<br \/>\n<strong>Telefone fixo:<\/strong> <span style=\"color: #008000;\"><a style=\"color: #008000;\" href=\"http:\/\/5521996277852\" target=\"_blank\" rel=\"noopener\">(21) 99627-7852<\/a><\/span><\/p>\n","protected":false},"excerpt":{"rendered":"<p>Cirurgi\u00e3 Dentista formada pela UFRJ, P\u00f3s &#8211; graduada em implantodontia e especialista em pr\u00f3tese dent\u00e1ria. Atua nas \u00e1reas de ortodontia e reabilita\u00e7\u00e3o oral. Nossos canais de atendimento: Loja: Sala 408 do CPB Telefone fixo: (21) 99627-7852<\/p>\n","protected":false},"author":2,"featured_media":1079,"comment_status":"open","ping_status":"open","sticky":false,"template":"","format":"standard","meta":{"_acf_changed":false,"footnotes":""},"categories":[28,6],"tags":[],"class_list":["post-1078","post","type-post","status-publish","format-standard","has-post-thumbnail","hentry","category-odontologia","category-profissionais"],"acf":[],"_links":{"self":[{"href":"https:\/\/centroprofissional.com.br\/site-seguro\/wp-json\/wp\/v2\/posts\/1078","targetHints":{"allow":["GET"]}}],"collection":[{"href":"https:\/\/centroprofissional.com.br\/site-seguro\/wp-json\/wp\/v2\/posts"}],"about":[{"href":"https:\/\/centroprofissional.com.br\/site-seguro\/wp-json\/wp\/v2\/types\/post"}],"author":[{"embeddable":true,"href":"https:\/\/centroprofissional.com.br\/site-seguro\/wp-json\/wp\/v2\/users\/2"}],"replies":[{"embeddable":true,"href":"https:\/\/centroprofissional.com.br\/site-seguro\/wp-json\/wp\/v2\/comments?post=1078"}],"version-history":[{"count":1,"href":"https:\/\/centroprofissional.com.br\/site-seguro\/wp-json\/wp\/v2\/posts\/1078\/revisions"}],"predecessor-version":[{"id":1080,"href":"https:\/\/centroprofissional.com.br\/site-seguro\/wp-json\/wp\/v2\/posts\/1078\/revisions\/1080"}],"wp:featuredmedia":[{"embeddable":true,"href":"https:\/\/centroprofissional.com.br\/site-seguro\/wp-json\/wp\/v2\/media\/1079"}],"wp:attachment":[{"href":"https:\/\/centroprofissional.com.br\/site-seguro\/wp-json\/wp\/v2\/media?parent=1078"}],"wp:term":[{"taxonomy":"category","embeddable":true,"href":"https:\/\/centroprofissional.com.br\/site-seguro\/wp-json\/wp\/v2\/categories?post=1078"},{"taxonomy":"post_tag","embeddable":true,"href":"https:\/\/centroprofissional.com.br\/site-seguro\/wp-json\/wp\/v2\/tags?post=1078"}],"curies":[{"name":"wp","href":"https:\/\/api.w.org\/{rel}","templated":true}]}}