{"id":1087,"date":"2025-07-18T18:21:08","date_gmt":"2025-07-18T18:21:08","guid":{"rendered":"https:\/\/centroprofissional.com.br\/site-seguro\/?p=1087"},"modified":"2025-07-18T18:21:08","modified_gmt":"2025-07-18T18:21:08","slug":"fernandes-odontotolgia-intergrada","status":"publish","type":"post","link":"https:\/\/centroprofissional.com.br\/site-seguro\/fernandes-odontotolgia-intergrada\/","title":{"rendered":"Fernandes Odontotolgia Intergrada"},"content":{"rendered":"<p>Reabilita\u00e7\u00e3o oral &#8211; Implantodontia<\/p>\n<p>Dr. Jos\u00e9 Antonio Teixeira Fernandes | Dra. Malena Fernandes<\/p>\n<p><strong>Nossos canais de atendimento:<\/strong><\/p>\n<p><strong>Loja:<\/strong> Sala 229 do CPB<br \/>\n<strong>Telefone fixo:<\/strong> <span style=\"color: #008000;\"><a style=\"color: #008000;\" href=\"http:\/\/552133258376\" target=\"_blank\" rel=\"noopener\">(21) 3325-8376<\/a><\/span><\/p>\n<p>&nbsp;<\/p>\n","protected":false},"excerpt":{"rendered":"<p>Reabilita\u00e7\u00e3o oral &#8211; Implantodontia Dr. Jos\u00e9 Antonio Teixeira Fernandes | Dra. Malena Fernandes Nossos canais de atendimento: Loja: Sala 229 do CPB Telefone fixo: (21) 3325-8376 &nbsp;<\/p>\n","protected":false},"author":2,"featured_media":1088,"comment_status":"open","ping_status":"open","sticky":false,"template":"","format":"standard","meta":{"_acf_changed":false,"footnotes":""},"categories":[28,6],"tags":[],"class_list":["post-1087","post","type-post","status-publish","format-standard","has-post-thumbnail","hentry","category-odontologia","category-profissionais"],"acf":[],"_links":{"self":[{"href":"https:\/\/centroprofissional.com.br\/site-seguro\/wp-json\/wp\/v2\/posts\/1087","targetHints":{"allow":["GET"]}}],"collection":[{"href":"https:\/\/centroprofissional.com.br\/site-seguro\/wp-json\/wp\/v2\/posts"}],"about":[{"href":"https:\/\/centroprofissional.com.br\/site-seguro\/wp-json\/wp\/v2\/types\/post"}],"author":[{"embeddable":true,"href":"https:\/\/centroprofissional.com.br\/site-seguro\/wp-json\/wp\/v2\/users\/2"}],"replies":[{"embeddable":true,"href":"https:\/\/centroprofissional.com.br\/site-seguro\/wp-json\/wp\/v2\/comments?post=1087"}],"version-history":[{"count":1,"href":"https:\/\/centroprofissional.com.br\/site-seguro\/wp-json\/wp\/v2\/posts\/1087\/revisions"}],"predecessor-version":[{"id":1089,"href":"https:\/\/centroprofissional.com.br\/site-seguro\/wp-json\/wp\/v2\/posts\/1087\/revisions\/1089"}],"wp:featuredmedia":[{"embeddable":true,"href":"https:\/\/centroprofissional.com.br\/site-seguro\/wp-json\/wp\/v2\/media\/1088"}],"wp:attachment":[{"href":"https:\/\/centroprofissional.com.br\/site-seguro\/wp-json\/wp\/v2\/media?parent=1087"}],"wp:term":[{"taxonomy":"category","embeddable":true,"href":"https:\/\/centroprofissional.com.br\/site-seguro\/wp-json\/wp\/v2\/categories?post=1087"},{"taxonomy":"post_tag","embeddable":true,"href":"https:\/\/centroprofissional.com.br\/site-seguro\/wp-json\/wp\/v2\/tags?post=1087"}],"curies":[{"name":"wp","href":"https:\/\/api.w.org\/{rel}","templated":true}]}}