{"id":1178,"date":"2025-07-22T15:11:02","date_gmt":"2025-07-22T15:11:02","guid":{"rendered":"https:\/\/centroprofissional.com.br\/site-seguro\/?p=1178"},"modified":"2025-08-13T11:34:12","modified_gmt":"2025-08-13T11:34:12","slug":"emb","status":"publish","type":"post","link":"https:\/\/centroprofissional.com.br\/site-seguro\/emb\/","title":{"rendered":"EMB"},"content":{"rendered":"<p class=\"p2\">Fundada em 1996, a Escola de M\u00fasica da Barra, tamb\u00e9m conhecida como EMB, destaca-se pela modernidade de seu ensino.<\/p>\n<p class=\"p2\">Localizada no cora\u00e7\u00e3o da Barra da Tijuca, ao lado do Barra Shopping, a EMB possui uma estrutura diferenciada com est\u00fadio de ensaio e salas de aula equipados com ar condicionado, computador com acesso \u00e0 internet e sistema de som.<\/p>\n<p>&nbsp;<\/p>\n<p><strong>Nossos canais de atendimento:<\/strong><\/p>\n<p><strong>Loja:<\/strong> Sala 627 do CPB<br \/>\n<strong>Telefone fixo:<\/strong><span style=\"color: #008000;\"> <a style=\"color: #008000;\" href=\"http:\/\/552133252881 | 55213328-3031\" target=\"_blank\" rel=\"noopener\">(21) 3325-8081 \/ (21) 3325-3320<\/a><\/span><\/p>\n<p>&nbsp;<\/p>\n","protected":false},"excerpt":{"rendered":"<p>Fundada em 1996, a Escola de M\u00fasica da Barra, tamb\u00e9m conhecida como EMB, destaca-se pela modernidade de seu ensino. Localizada no cora\u00e7\u00e3o da Barra da Tijuca, ao lado do Barra Shopping, a EMB possui uma estrutura diferenciada com est\u00fadio de ensaio e salas de aula equipados com ar condicionado, computador com acesso \u00e0 internet e [&hellip;]<\/p>\n","protected":false},"author":2,"featured_media":1266,"comment_status":"open","ping_status":"open","sticky":false,"template":"","format":"standard","meta":{"_acf_changed":false,"footnotes":""},"categories":[23,6],"tags":[],"class_list":["post-1178","post","type-post","status-publish","format-standard","has-post-thumbnail","hentry","category-escola-de-musica-e-instrumentos","category-profissionais"],"acf":[],"_links":{"self":[{"href":"https:\/\/centroprofissional.com.br\/site-seguro\/wp-json\/wp\/v2\/posts\/1178","targetHints":{"allow":["GET"]}}],"collection":[{"href":"https:\/\/centroprofissional.com.br\/site-seguro\/wp-json\/wp\/v2\/posts"}],"about":[{"href":"https:\/\/centroprofissional.com.br\/site-seguro\/wp-json\/wp\/v2\/types\/post"}],"author":[{"embeddable":true,"href":"https:\/\/centroprofissional.com.br\/site-seguro\/wp-json\/wp\/v2\/users\/2"}],"replies":[{"embeddable":true,"href":"https:\/\/centroprofissional.com.br\/site-seguro\/wp-json\/wp\/v2\/comments?post=1178"}],"version-history":[{"count":1,"href":"https:\/\/centroprofissional.com.br\/site-seguro\/wp-json\/wp\/v2\/posts\/1178\/revisions"}],"predecessor-version":[{"id":1179,"href":"https:\/\/centroprofissional.com.br\/site-seguro\/wp-json\/wp\/v2\/posts\/1178\/revisions\/1179"}],"wp:featuredmedia":[{"embeddable":true,"href":"https:\/\/centroprofissional.com.br\/site-seguro\/wp-json\/wp\/v2\/media\/1266"}],"wp:attachment":[{"href":"https:\/\/centroprofissional.com.br\/site-seguro\/wp-json\/wp\/v2\/media?parent=1178"}],"wp:term":[{"taxonomy":"category","embeddable":true,"href":"https:\/\/centroprofissional.com.br\/site-seguro\/wp-json\/wp\/v2\/categories?post=1178"},{"taxonomy":"post_tag","embeddable":true,"href":"https:\/\/centroprofissional.com.br\/site-seguro\/wp-json\/wp\/v2\/tags?post=1178"}],"curies":[{"name":"wp","href":"https:\/\/api.w.org\/{rel}","templated":true}]}}