{"id":1220,"date":"2025-08-07T13:59:44","date_gmt":"2025-08-07T13:59:44","guid":{"rendered":"https:\/\/centroprofissional.com.br\/site-seguro\/?p=1220"},"modified":"2025-08-07T13:59:44","modified_gmt":"2025-08-07T13:59:44","slug":"a3-cursos","status":"publish","type":"post","link":"https:\/\/centroprofissional.com.br\/site-seguro\/a3-cursos\/","title":{"rendered":"A3 Cursos"},"content":{"rendered":"<p class=\"p1\">Os Drs. Altair Andrade, Andrea Tedesco e Rafael Andreiuolo em 2017, uniram-se para capacitar profissionais de odontologia atrav\u00e9s do A3 Cursos, selecionando professores gabaritados com a mais alta qualidade de ensino e infraestrutura de \u00faltima gera\u00e7\u00e3o.<\/p>\n<p class=\"p1\">A A3 cursos oferece uma grade diversificada para que voc\u00ea se torne um profissional diferenciado no mercado de trabalho.<\/p>\n<p><strong>Nossos canais de atendimento:<\/strong><\/p>\n<p><strong>Loja:<\/strong> Sala 327 no CPB<\/p>\n<p>&nbsp;<\/p>\n<p>&nbsp;<\/p>\n","protected":false},"excerpt":{"rendered":"<p>Os Drs. Altair Andrade, Andrea Tedesco e Rafael Andreiuolo em 2017, uniram-se para capacitar profissionais de odontologia atrav\u00e9s do A3 Cursos, selecionando professores gabaritados com a mais alta qualidade de ensino e infraestrutura de \u00faltima gera\u00e7\u00e3o. A A3 cursos oferece uma grade diversificada para que voc\u00ea se torne um profissional diferenciado no mercado de trabalho. [&hellip;]<\/p>\n","protected":false},"author":2,"featured_media":1221,"comment_status":"open","ping_status":"open","sticky":false,"template":"","format":"standard","meta":{"_acf_changed":false,"footnotes":""},"categories":[28,31,6],"tags":[],"class_list":["post-1220","post","type-post","status-publish","format-standard","has-post-thumbnail","hentry","category-odontologia","category-outros","category-profissionais"],"acf":[],"_links":{"self":[{"href":"https:\/\/centroprofissional.com.br\/site-seguro\/wp-json\/wp\/v2\/posts\/1220","targetHints":{"allow":["GET"]}}],"collection":[{"href":"https:\/\/centroprofissional.com.br\/site-seguro\/wp-json\/wp\/v2\/posts"}],"about":[{"href":"https:\/\/centroprofissional.com.br\/site-seguro\/wp-json\/wp\/v2\/types\/post"}],"author":[{"embeddable":true,"href":"https:\/\/centroprofissional.com.br\/site-seguro\/wp-json\/wp\/v2\/users\/2"}],"replies":[{"embeddable":true,"href":"https:\/\/centroprofissional.com.br\/site-seguro\/wp-json\/wp\/v2\/comments?post=1220"}],"version-history":[{"count":1,"href":"https:\/\/centroprofissional.com.br\/site-seguro\/wp-json\/wp\/v2\/posts\/1220\/revisions"}],"predecessor-version":[{"id":1222,"href":"https:\/\/centroprofissional.com.br\/site-seguro\/wp-json\/wp\/v2\/posts\/1220\/revisions\/1222"}],"wp:featuredmedia":[{"embeddable":true,"href":"https:\/\/centroprofissional.com.br\/site-seguro\/wp-json\/wp\/v2\/media\/1221"}],"wp:attachment":[{"href":"https:\/\/centroprofissional.com.br\/site-seguro\/wp-json\/wp\/v2\/media?parent=1220"}],"wp:term":[{"taxonomy":"category","embeddable":true,"href":"https:\/\/centroprofissional.com.br\/site-seguro\/wp-json\/wp\/v2\/categories?post=1220"},{"taxonomy":"post_tag","embeddable":true,"href":"https:\/\/centroprofissional.com.br\/site-seguro\/wp-json\/wp\/v2\/tags?post=1220"}],"curies":[{"name":"wp","href":"https:\/\/api.w.org\/{rel}","templated":true}]}}