{"id":319,"date":"2025-07-09T22:44:10","date_gmt":"2025-07-09T22:44:10","guid":{"rendered":"https:\/\/centroprofissional.com.br\/site-seguro\/?p=319"},"modified":"2025-07-12T14:36:14","modified_gmt":"2025-07-12T14:36:14","slug":"teste-3","status":"publish","type":"post","link":"https:\/\/centroprofissional.com.br\/site-seguro\/teste-3\/","title":{"rendered":"Dr. Pablo Dutra M\u00e9dico Psiquiatra"},"content":{"rendered":"<p>M\u00e9dico Psiquiatra com anos de experi\u00eancia cl\u00ednica.<\/p>\n<p>Graduado pela UFRJ, p\u00f3s graduado e com Resid\u00eancia M\u00e9dica (RQE 26100).<\/p>\n<p>Mestrando do Laborat\u00f3rio de P\u00e2nico e Respira\u00e7\u00e3o (LABPR) do Instituto de Psiquiatria da UFRJ (IPUB\/UFRJ), com artigos publicados em revistas cient\u00edficas internacionais com alto fator de impacto.<\/p>\n<p>Ci\u00eancia pela qualidade de vida!<\/p>\n<p><strong>Nossos canais de atendimento:<\/strong><\/p>\n<p><strong>Loja:<\/strong> Sala 618 do CPB<br \/>\n<strong>Telefone fixo:<\/strong>\u00a0<span style=\"color: #008000;\"><a style=\"color: #008000;\" href=\"http:\/\/552138664637\/\" target=\"_blank\" rel=\"noopener\">(21) 3866-4637<\/a><\/span><\/p>\n","protected":false},"excerpt":{"rendered":"<p>M\u00e9dico Psiquiatra com anos de experi\u00eancia cl\u00ednica. Graduado pela UFRJ, p\u00f3s graduado e com Resid\u00eancia M\u00e9dica (RQE 26100). Mestrando do Laborat\u00f3rio de P\u00e2nico e Respira\u00e7\u00e3o (LABPR) do Instituto de Psiquiatria da UFRJ (IPUB\/UFRJ), com artigos publicados em revistas cient\u00edficas internacionais com alto fator de impacto. Ci\u00eancia pela qualidade de vida! Nossos canais de atendimento: Loja: [&hellip;]<\/p>\n","protected":false},"author":1,"featured_media":400,"comment_status":"open","ping_status":"open","sticky":false,"template":"","format":"standard","meta":{"_acf_changed":false,"footnotes":""},"categories":[26,6],"tags":[],"class_list":["post-319","post","type-post","status-publish","format-standard","has-post-thumbnail","hentry","category-medicos","category-profissionais"],"acf":[],"_links":{"self":[{"href":"https:\/\/centroprofissional.com.br\/site-seguro\/wp-json\/wp\/v2\/posts\/319","targetHints":{"allow":["GET"]}}],"collection":[{"href":"https:\/\/centroprofissional.com.br\/site-seguro\/wp-json\/wp\/v2\/posts"}],"about":[{"href":"https:\/\/centroprofissional.com.br\/site-seguro\/wp-json\/wp\/v2\/types\/post"}],"author":[{"embeddable":true,"href":"https:\/\/centroprofissional.com.br\/site-seguro\/wp-json\/wp\/v2\/users\/1"}],"replies":[{"embeddable":true,"href":"https:\/\/centroprofissional.com.br\/site-seguro\/wp-json\/wp\/v2\/comments?post=319"}],"version-history":[{"count":4,"href":"https:\/\/centroprofissional.com.br\/site-seguro\/wp-json\/wp\/v2\/posts\/319\/revisions"}],"predecessor-version":[{"id":721,"href":"https:\/\/centroprofissional.com.br\/site-seguro\/wp-json\/wp\/v2\/posts\/319\/revisions\/721"}],"wp:featuredmedia":[{"embeddable":true,"href":"https:\/\/centroprofissional.com.br\/site-seguro\/wp-json\/wp\/v2\/media\/400"}],"wp:attachment":[{"href":"https:\/\/centroprofissional.com.br\/site-seguro\/wp-json\/wp\/v2\/media?parent=319"}],"wp:term":[{"taxonomy":"category","embeddable":true,"href":"https:\/\/centroprofissional.com.br\/site-seguro\/wp-json\/wp\/v2\/categories?post=319"},{"taxonomy":"post_tag","embeddable":true,"href":"https:\/\/centroprofissional.com.br\/site-seguro\/wp-json\/wp\/v2\/tags?post=319"}],"curies":[{"name":"wp","href":"https:\/\/api.w.org\/{rel}","templated":true}]}}