{"id":452,"date":"2025-07-10T20:48:58","date_gmt":"2025-07-10T20:48:58","guid":{"rendered":"https:\/\/centroprofissional.com.br\/site-seguro\/?p=452"},"modified":"2025-07-12T14:34:59","modified_gmt":"2025-07-12T14:34:59","slug":"dr-antonio-vieira-de-mello-dra-cristina-torre-vieira-de-mello","status":"publish","type":"post","link":"https:\/\/centroprofissional.com.br\/site-seguro\/dr-antonio-vieira-de-mello-dra-cristina-torre-vieira-de-mello\/","title":{"rendered":"Dr. Antonio Vieira de Mello &#038; Dra. Cristina Torre Vieira de Mello"},"content":{"rendered":"<p>Dr. Antonio Vieira de Mello &amp; Dra. Cristina Torre Vieira de Mello<\/p>\n<p>Membros Titulares da Sociedade Brasileira de Angiologia e Cirurgia Vascular.<\/p>\n<p>Membros do Col\u00e9gio Brasileiro de Cirurgi\u00f5es.<\/p>\n<p>Tratamento cl\u00ednico e cir\u00fargico das doen\u00e7as circulat\u00f3rias dos membros.<\/p>\n<p><strong>Nossos canais de atendimento:<\/strong><\/p>\n<p><strong>Loja:<\/strong> Sala 208 -209 do CPB<br \/>\n<strong>Telefone fixo:<\/strong>\u00a0<span style=\"color: #008000;\"><a style=\"color: #008000;\" href=\"http:\/\/552130305354%20%7C%20552130303625\/\" target=\"_blank\" rel=\"noopener\">(21) 3030-5354| (21) 3030-3625<\/a><\/span><\/p>\n","protected":false},"excerpt":{"rendered":"<p>Dr. Antonio Vieira de Mello &amp; Dra. Cristina Torre Vieira de Mello Membros Titulares da Sociedade Brasileira de Angiologia e Cirurgia Vascular. Membros do Col\u00e9gio Brasileiro de Cirurgi\u00f5es. Tratamento cl\u00ednico e cir\u00fargico das doen\u00e7as circulat\u00f3rias dos membros. Nossos canais de atendimento: Loja: Sala 208 -209 do CPB Telefone fixo:\u00a0(21) 3030-5354| (21) 3030-3625<\/p>\n","protected":false},"author":1,"featured_media":453,"comment_status":"open","ping_status":"open","sticky":false,"template":"","format":"standard","meta":{"_acf_changed":false,"footnotes":""},"categories":[26,6],"tags":[],"class_list":["post-452","post","type-post","status-publish","format-standard","has-post-thumbnail","hentry","category-medicos","category-profissionais"],"acf":[],"_links":{"self":[{"href":"https:\/\/centroprofissional.com.br\/site-seguro\/wp-json\/wp\/v2\/posts\/452","targetHints":{"allow":["GET"]}}],"collection":[{"href":"https:\/\/centroprofissional.com.br\/site-seguro\/wp-json\/wp\/v2\/posts"}],"about":[{"href":"https:\/\/centroprofissional.com.br\/site-seguro\/wp-json\/wp\/v2\/types\/post"}],"author":[{"embeddable":true,"href":"https:\/\/centroprofissional.com.br\/site-seguro\/wp-json\/wp\/v2\/users\/1"}],"replies":[{"embeddable":true,"href":"https:\/\/centroprofissional.com.br\/site-seguro\/wp-json\/wp\/v2\/comments?post=452"}],"version-history":[{"count":2,"href":"https:\/\/centroprofissional.com.br\/site-seguro\/wp-json\/wp\/v2\/posts\/452\/revisions"}],"predecessor-version":[{"id":719,"href":"https:\/\/centroprofissional.com.br\/site-seguro\/wp-json\/wp\/v2\/posts\/452\/revisions\/719"}],"wp:featuredmedia":[{"embeddable":true,"href":"https:\/\/centroprofissional.com.br\/site-seguro\/wp-json\/wp\/v2\/media\/453"}],"wp:attachment":[{"href":"https:\/\/centroprofissional.com.br\/site-seguro\/wp-json\/wp\/v2\/media?parent=452"}],"wp:term":[{"taxonomy":"category","embeddable":true,"href":"https:\/\/centroprofissional.com.br\/site-seguro\/wp-json\/wp\/v2\/categories?post=452"},{"taxonomy":"post_tag","embeddable":true,"href":"https:\/\/centroprofissional.com.br\/site-seguro\/wp-json\/wp\/v2\/tags?post=452"}],"curies":[{"name":"wp","href":"https:\/\/api.w.org\/{rel}","templated":true}]}}